{"id":10833,"date":"2024-11-15T11:05:08","date_gmt":"2024-11-15T10:05:08","guid":{"rendered":"https:\/\/www.laudioalde.eus\/?p=10833"},"modified":"2024-11-15T11:08:28","modified_gmt":"2024-11-15T10:08:28","slug":"gure-ikasleak-gabrik-espainiako-instalatzaile-gazteen-txapelketa-parte-hartu-du","status":"publish","type":"post","link":"https:\/\/www.laudioalde.eus\/eu\/gure-ikasleak-gabrik-espainiako-instalatzaile-gazteen-txapelketa-parte-hartu-du\/","title":{"rendered":"Gure ikasleak, Gabrik, Espainiako Instalatzaile Gazteen Txapelketa parte hartu du"},"content":{"rendered":"\n<p>Arabako Instalatzaile Gazteen lehiaketa irabazi ostean, Gorka Oribe eta Aitzol Ortega lagundurik, Gabriel Dos Santos Espainiako Txapelketara sailkatu egin zen FENIE (Federaci\u00f3n nacional de empresas de instalaciones el\u00e9ctricas) antolaturik eta MATELEC (Sal\u00f3n internacional de soluciones para la industria el\u00e9ctrica y electr\u00f3nica) Madrilgo azokan ospaturik. 42 parte-hartzaile bildu ziren eta azaroaren 5etik 8ra instalazio elektriko bat egin zuen. <\/p>\n\n\n\n<p>Gabriel instalazioa amaitu zuen gutxienetariko bat zen eta berak oso esperientzia polita gozatu zuen, beste gazte instalatzaileekin batera.<\/p>\n","protected":false},"excerpt":{"rendered":"<p>Arabako Instalatzaile Gazteen lehiaketa irabazi ostean, Gorka Oribe eta Aitzol Ortega lagundurik, Gabriel Dos Santos Espainiako Txapelketara sailkatu egin zen FENIE (Federaci\u00f3n nacional de empresas de instalaciones el\u00e9ctricas) antolaturik eta [&hellip;]<\/p>\n","protected":false},"author":3,"featured_media":10826,"comment_status":"closed","ping_status":"open","sticky":false,"template":"","format":"standard","meta":{"footnotes":""},"categories":[98],"tags":[180,162,100],"class_list":["post-10833","post","type-post","status-publish","format-standard","has-post-thumbnail","hentry","category-noticias-eu","tag-ekitaldiak","tag-enpresak","tag-laudioalde-2"],"aioseo_notices":[],"_links":{"self":[{"href":"https:\/\/www.laudioalde.eus\/eu\/wp-json\/wp\/v2\/posts\/10833","targetHints":{"allow":["GET"]}}],"collection":[{"href":"https:\/\/www.laudioalde.eus\/eu\/wp-json\/wp\/v2\/posts"}],"about":[{"href":"https:\/\/www.laudioalde.eus\/eu\/wp-json\/wp\/v2\/types\/post"}],"author":[{"embeddable":true,"href":"https:\/\/www.laudioalde.eus\/eu\/wp-json\/wp\/v2\/users\/3"}],"replies":[{"embeddable":true,"href":"https:\/\/www.laudioalde.eus\/eu\/wp-json\/wp\/v2\/comments?post=10833"}],"version-history":[{"count":0,"href":"https:\/\/www.laudioalde.eus\/eu\/wp-json\/wp\/v2\/posts\/10833\/revisions"}],"wp:featuredmedia":[{"embeddable":true,"href":"https:\/\/www.laudioalde.eus\/eu\/wp-json\/wp\/v2\/media\/10826"}],"wp:attachment":[{"href":"https:\/\/www.laudioalde.eus\/eu\/wp-json\/wp\/v2\/media?parent=10833"}],"wp:term":[{"taxonomy":"category","embeddable":true,"href":"https:\/\/www.laudioalde.eus\/eu\/wp-json\/wp\/v2\/categories?post=10833"},{"taxonomy":"post_tag","embeddable":true,"href":"https:\/\/www.laudioalde.eus\/eu\/wp-json\/wp\/v2\/tags?post=10833"}],"curies":[{"name":"wp","href":"https:\/\/api.w.org\/{rel}","templated":true}]}}